{"id":833,"date":"2023-03-01T18:38:24","date_gmt":"2023-03-01T18:38:24","guid":{"rendered":"https:\/\/www.hairinspo.me\/blog\/?p=833"},"modified":"2024-03-27T09:04:39","modified_gmt":"2024-03-27T08:04:39","slug":"top-hair-spricht-ueber-hairinspo-me","status":"publish","type":"post","link":"https:\/\/www.hairinspo.me\/friseur-blog\/top-hair-spricht-ueber-hairinspo-me\/","title":{"rendered":"Top Hair spricht \u00fcber hairinspo.me"},"content":{"rendered":"\n<p>Es gibt nichts Sch\u00f6neres, als wenn <strong><a href=\"https:\/\/www.tophair.de\" target=\"_blank\" rel=\"noreferrer noopener\">das f\u00fchrende Coiffeur- &amp; Friseurmagazin<\/a><\/strong> \u00fcber dich und die neue Coiffeur- &amp; Friseur-Plattform berichtet. Mit <strong><a href=\"https:\/\/www.hairinspo.me\/de\" target=\"_blank\" rel=\"noreferrer noopener\">hairinspo.me<\/a><\/strong> wollen wir die gesamte Branche auf einer Plattform vereinen. Dass die Schweizer Ausgabe \u00ab<strong><a href=\"https:\/\/www.tophair-suisse.ch\" target=\"_blank\" rel=\"noreferrer noopener\">Top Hair Suisse<\/a><\/strong>\u00bb unser Anliegen mit aufgreift und ihren Lesern davon berichtet, freut uns sehr. Damit leistet sie einen wichtigen und wesentlichen Beitrag und unterst\u00fctzt dabei <a href=\"https:\/\/www.hairinspo.me\/friseur-blog\/vom-community-gedanken-zur-community-plattform\/\" target=\"_blank\" rel=\"noreferrer noopener\"><strong><mark style=\"background-color:#FFFB73\" class=\"has-inline-color has-background-color\">unser Ziel<\/mark><\/strong><\/a>, die Coiffeur- &amp; Friseurbranche noch n\u00e4her zusammenzur\u00fccken und auf einer Plattform zu vereinen.<\/p>\n\n\n\n<h3 class=\"wp-block-heading has-medium-font-size\">Bericht Top Hair Suisse \u2013 Edition 02\/2023<\/h3>\n\n\n\n<blockquote class=\"wp-block-quote is-layout-flow wp-block-quote-is-layout-flow\">\n<p><strong>Eine neue Social-Community-Plattform betritt in diesem Monat den Coiffeurmarkt:<\/strong><br>www.hairinspo.me ist Marktplatz, Inspirationsquelle und Jobb\u00f6rse in einem und l\u00e4dt dazu ein, seine Ideen mit einem breiten Publikum zu teilen, um neue Kund*innen zu gewinnen. Salons und Stylist*innen k\u00f6nnen Profile erstellen, ihre Arbeiten posten, Marktplatz-Inserate ver\u00f6ffentlichen oder sich mit anderen vernetzen. Endverbraucher*innen werden bei der Frisurensuche auf Salons und Stylisten in ihrer Umgebung gelenkt.<\/p>\n<cite>Bericht Top Hair Suisse \u2013 Edition 02\/2023<\/cite><\/blockquote>\n\n\n\n<figure class=\"wp-block-image size-large\"><img loading=\"lazy\" decoding=\"async\" width=\"1024\" height=\"682\" src=\"https:\/\/www.hairinspo.me\/friseur-blog\/wp-content\/uploads\/2023\/03\/THCH_0223_006_007_Branche_final2-1024x682.png\" alt=\"\" class=\"wp-image-851\" srcset=\"https:\/\/www.hairinspo.me\/friseur-blog\/wp-content\/uploads\/2023\/03\/THCH_0223_006_007_Branche_final2-1024x682.png 1024w, https:\/\/www.hairinspo.me\/friseur-blog\/wp-content\/uploads\/2023\/03\/THCH_0223_006_007_Branche_final2-300x200.png 300w, https:\/\/www.hairinspo.me\/friseur-blog\/wp-content\/uploads\/2023\/03\/THCH_0223_006_007_Branche_final2-768x511.png 768w, https:\/\/www.hairinspo.me\/friseur-blog\/wp-content\/uploads\/2023\/03\/THCH_0223_006_007_Branche_final2-1536x1023.png 1536w, https:\/\/www.hairinspo.me\/friseur-blog\/wp-content\/uploads\/2023\/03\/THCH_0223_006_007_Branche_final2-2048x1364.png 2048w\" sizes=\"auto, (max-width: 1024px) 100vw, 1024px\" \/><\/figure>\n\n\n\n<h3 class=\"wp-block-heading has-medium-font-size\">\u00fcber die Zeitschrift<\/h3>\n\n\n\n<p>Die Top Hair ist eines der f\u00fchrenden europ\u00e4ischen Fachmagazine f\u00fcr Friseure &amp; Coiffeure. Seit \u00fcber 30 Jahren liefert die Zeitschrift mittlerweile schon Themen zu Frisuren, Trends, Techniken, Praxistipps, Business, Salonf\u00fchrung, Reportagen und Interviews aus den Metropolen der Welt. Es gibt jeweils eigene Ausgaben in Deutschland, \u00d6sterreich und der Schweiz. Sie ist haupts\u00e4chlich an Saloninhaber, leitende Mitarbeiter und Entscheidungstr\u00e4ger der Haarkosmetikindustrie gerichtet. Interessiert an einem Abo? Hier gehts zu den Abonnements der jeweiligen L\u00e4nder.<\/p>\n\n\n\n<div class=\"wp-block-columns is-layout-flex wp-container-core-columns-is-layout-28f84493 wp-block-columns-is-layout-flex\">\n<div class=\"wp-block-column is-layout-flow wp-block-column-is-layout-flow\">\n<div class=\"wp-block-buttons is-layout-flex wp-block-buttons-is-layout-flex\">\n<div class=\"wp-block-button has-custom-width wp-block-button__width-100 has-custom-font-size has-small-font-size\"><a class=\"wp-block-button__link wp-element-button\" href=\"https:\/\/www.tophair-suisse.ch\/abo\/\" style=\"border-radius:10px;padding-top:var(--wp--preset--spacing--30);padding-right:var(--wp--preset--spacing--30);padding-bottom:var(--wp--preset--spacing--30);padding-left:var(--wp--preset--spacing--30)\" target=\"_blank\" rel=\"noreferrer noopener\">Abo f\u00fcr die Schweiz<\/a><\/div>\n<\/div>\n<\/div>\n\n\n\n<div class=\"wp-block-column is-layout-flow wp-block-column-is-layout-flow\">\n<div class=\"wp-block-buttons is-layout-flex wp-block-buttons-is-layout-flex\">\n<div class=\"wp-block-button has-custom-width wp-block-button__width-100 has-custom-font-size has-small-font-size\"><a class=\"wp-block-button__link wp-element-button\" href=\"https:\/\/www.tophair.de\/abo\/deutschland\/\" style=\"border-radius:10px;padding-top:var(--wp--preset--spacing--30);padding-right:var(--wp--preset--spacing--30);padding-bottom:var(--wp--preset--spacing--30);padding-left:var(--wp--preset--spacing--30)\" target=\"_blank\" rel=\"noreferrer noopener\">Abo f\u00fcr die Deutschland<\/a><\/div>\n<\/div>\n<\/div>\n\n\n\n<div class=\"wp-block-column is-layout-flow wp-block-column-is-layout-flow\">\n<div class=\"wp-block-buttons is-layout-flex wp-block-buttons-is-layout-flex\">\n<div class=\"wp-block-button has-custom-width wp-block-button__width-100 has-custom-font-size has-small-font-size\"><a class=\"wp-block-button__link wp-element-button\" href=\"https:\/\/www.tophair-austria.at\/abo\/\" style=\"border-radius:10px;padding-top:var(--wp--preset--spacing--30);padding-right:var(--wp--preset--spacing--30);padding-bottom:var(--wp--preset--spacing--30);padding-left:var(--wp--preset--spacing--30)\" target=\"_blank\" rel=\"noreferrer noopener\">Abo f\u00fcr die \u00d6sterreich<\/a><\/div>\n<\/div>\n<\/div>\n<\/div>\n\n\n\n<h3 class=\"wp-block-heading has-medium-font-size\">\u00fcber die Fachmesse<\/h3>\n\n\n\n<p>Die TOP HAIR International Trend &amp; Fashion in D\u00fcsseldorf wird zwar immer kleiner, dennoch ist sie eine wichtige Fachmesse f\u00fcr die Friseure und Friseur-Branche. Sie findet j\u00e4hrlich parallel zur Beauty International statt. In ihr wird der Ausstellungsbereich mit Workshops, Shows und einem Kongress kombiniert. Auf der Showb\u00fchne zeigen die internationalen Friseure Techniken und Trends. Dieses Jahr vom 1. bis 2. April 2023 in D\u00fcsseldorf.<\/p>\n\n\n\n<div class=\"wp-block-buttons is-layout-flex wp-block-buttons-is-layout-flex\">\n<div class=\"wp-block-button has-custom-width wp-block-button__width-100 has-custom-font-size has-small-font-size\"><a class=\"wp-block-button__link wp-element-button\" href=\"https:\/\/www.top-hair-international.de\/\" style=\"border-radius:10px;padding-top:var(--wp--preset--spacing--30);padding-right:var(--wp--preset--spacing--30);padding-bottom:var(--wp--preset--spacing--30);padding-left:var(--wp--preset--spacing--30)\" target=\"_blank\" rel=\"noreferrer noopener\">Hier gehts zur Website der Top Hair Messe in D\u00fcsseldorf<\/a><\/div>\n<\/div>\n","protected":false},"excerpt":{"rendered":"<p>Es gibt nichts Sch\u00f6neres, als wenn das f\u00fchrende Coiffeur- &#038; Friseurmagazin \u00fcber dich und die neue Coiffeur- &#038; Friseur-Plattform berichtet. Mit hairinspo.me wollen wir die gesamte Branche auf einer Plattform vereinen&#8230;<\/p>\n","protected":false},"author":2,"featured_media":863,"comment_status":"open","ping_status":"open","sticky":false,"template":"","format":"standard","meta":{"footnotes":""},"categories":[22],"tags":[23,24,26],"class_list":["post-833","post","type-post","status-publish","format-standard","has-post-thumbnail","hentry","category-in-der-presse","tag-schweiz","tag-deutschland","tag-oesterreich"],"_links":{"self":[{"href":"https:\/\/www.hairinspo.me\/friseur-blog\/wp-json\/wp\/v2\/posts\/833","targetHints":{"allow":["GET"]}}],"collection":[{"href":"https:\/\/www.hairinspo.me\/friseur-blog\/wp-json\/wp\/v2\/posts"}],"about":[{"href":"https:\/\/www.hairinspo.me\/friseur-blog\/wp-json\/wp\/v2\/types\/post"}],"author":[{"embeddable":true,"href":"https:\/\/www.hairinspo.me\/friseur-blog\/wp-json\/wp\/v2\/users\/2"}],"replies":[{"embeddable":true,"href":"https:\/\/www.hairinspo.me\/friseur-blog\/wp-json\/wp\/v2\/comments?post=833"}],"version-history":[{"count":26,"href":"https:\/\/www.hairinspo.me\/friseur-blog\/wp-json\/wp\/v2\/posts\/833\/revisions"}],"predecessor-version":[{"id":2096,"href":"https:\/\/www.hairinspo.me\/friseur-blog\/wp-json\/wp\/v2\/posts\/833\/revisions\/2096"}],"wp:featuredmedia":[{"embeddable":true,"href":"https:\/\/www.hairinspo.me\/friseur-blog\/wp-json\/wp\/v2\/media\/863"}],"wp:attachment":[{"href":"https:\/\/www.hairinspo.me\/friseur-blog\/wp-json\/wp\/v2\/media?parent=833"}],"wp:term":[{"taxonomy":"category","embeddable":true,"href":"https:\/\/www.hairinspo.me\/friseur-blog\/wp-json\/wp\/v2\/categories?post=833"},{"taxonomy":"post_tag","embeddable":true,"href":"https:\/\/www.hairinspo.me\/friseur-blog\/wp-json\/wp\/v2\/tags?post=833"}],"curies":[{"name":"wp","href":"https:\/\/api.w.org\/{rel}","templated":true}]}}