{"id":444,"date":"2023-02-06T11:12:02","date_gmt":"2023-02-06T11:12:02","guid":{"rendered":"https:\/\/www.hairinspo.me\/blog\/?p=444"},"modified":"2024-03-27T09:08:48","modified_gmt":"2024-03-27T08:08:48","slug":"vom-community-gedanken-zur-community-plattform","status":"publish","type":"post","link":"https:\/\/www.hairinspo.me\/friseur-blog\/vom-community-gedanken-zur-community-plattform\/","title":{"rendered":"Vom Community Gedanken zur Community Plattform"},"content":{"rendered":"\n<p><strong>Die erste Community- &amp; Suchplattform der Coiffeur-Branche.<\/strong><\/p>\n\n\n\n<h3 class=\"wp-block-heading has-medium-font-size\"><strong>WIE ALLES BEGANN.<\/strong><\/h3>\n\n\n\n<p>Alles begann 2021 mit einer <a href=\"https:\/\/www.instagram.com\/hairinspo.me\/\" target=\"_blank\" rel=\"noreferrer noopener\">Instagram-Seite<\/a>, wo wir Arbeiten von Salons und Stylisten gepostet haben. Mit dem Ziel eine Community aufzubauen, die einander inspirieren und unterst\u00fctzten. Durch den st\u00e4ndigen Austausch haben wir in den Gespr\u00e4chen viel \u00fcber die verschiedenen Bed\u00fcrfnisse erfahren. Was ihnen fehlt und was sie sich f\u00fcr die Zukunft der Branche w\u00fcnschen.<\/p>\n\n\n\n<p>Vielen fehlt es an Wertsch\u00e4tzung f\u00fcr den Beruf, aber auch an Unterst\u00fctzung und Zusammenhalt innerhalb der Branche. Wir alle kennen auch die komplizierten und immer schlechter werdenden Algorithmen der bestehenden Plattformen. Wer nicht regelm\u00e4ssig und zu bestimmten Zeitpunkten postet oder interagiert, schafft kaum mehr Reichweite oder Visibilit\u00e4t. Vielen fehlt die Zeit, Kenntnisse oder das Interesse st\u00e4ndig aktiv zu sein. Und nur wenige sind wirklich erfolgreich darin, durch diese Plattformen neue und gen\u00fcgend Neukunden zu gewinnen. Auf Google auffindbar und gut platziert zu sein, kostet Unmengen an Geld und ben\u00f6tigt viel Wissen und F\u00e4higkeiten. Die bestehenden Plattformen aus der Branche versorgen uns zwar mit branchenrelevanten Infos und vereinzelt inspirierenden Beitr\u00e4gen. Allerdings sind diese Seiten weder zeitgem\u00e4ss noch zielf\u00fchrend. Sie unterst\u00fctzen die Salons auch nicht in ihrer wichtigsten Angelegenheit, mehr Kunden zu gewinnen.<\/p>\n\n\n\n<h3 class=\"wp-block-heading has-medium-font-size\"><strong>WIE WIR HELFEN.<\/strong><\/h3>\n\n\n\n<p>Wir haben uns lange \u00fcberlegt, wie wir das Problem l\u00f6sen k\u00f6nnen. Und kamen dann zum Entschluss, mit <a href=\"https:\/\/www.hairinspo.me\" target=\"_blank\" rel=\"noreferrer noopener\"><strong>hairinspo.me<\/strong><\/a> die erste Community- &amp; Suchplattform der Friseur-Branche zu entwickeln. Stellt euch eine Plattform vor, die Google Suche, Google Maps, Facebook, Instagram, Pinterest und LinkedIn, auf eine Branche zugeschnitten, vereint. Eine Plattform mit Informationen \u00fcber das t\u00e4gliche Salon-Business sowie Suchfunktionen zu; <a href=\"https:\/\/www.hairinspo.me\/salons\" target=\"_blank\" rel=\"noreferrer noopener\"><strong>Salons<\/strong><\/a>, <a href=\"https:\/\/www.hairinspo.me\/frisuren\" target=\"_blank\" rel=\"noreferrer noopener\"><strong>Frisuren<\/strong><\/a>, <a href=\"https:\/\/www.hairinspo.me\/stylisten\" target=\"_blank\" rel=\"noreferrer noopener\"><strong>Stylisten<\/strong><\/a>, <a href=\"https:\/\/www.hairinspo.me\/marken\" target=\"_blank\" rel=\"noreferrer noopener\"><strong>Marken<\/strong><\/a>, <a href=\"https:\/\/www.hairinspo.me\/workshops\" target=\"_blank\" rel=\"noreferrer noopener\"><strong>Workshops<\/strong><\/a>, <a href=\"https:\/\/www.hairinspo.me\/job-suchen\" target=\"_blank\" rel=\"noreferrer noopener\"><strong>Jobs<\/strong><\/a>, <a href=\"https:\/\/www.hairinspo.me\/mitarbeiter\" target=\"_blank\" rel=\"noreferrer noopener\"><strong>Job-Suchende<\/strong><\/a>, relevanten <a href=\"https:\/\/www.hairinspo.me\/dienstleister\" target=\"_blank\" rel=\"noreferrer noopener\"><strong>externen Partnern<\/strong><\/a> und <a href=\"https:\/\/www.hairinspo.me\/marktplatz\" target=\"_blank\" rel=\"noreferrer noopener\"><strong>Marktplatz<\/strong><\/a><strong><a href=\"https:\/\/www.hairinspo.me\/marktplatz\" target=\"_blank\" rel=\"noreferrer noopener\">i<\/a><\/strong><a href=\"https:\/\/www.hairinspo.me\/de\/marktplatz\" target=\"_blank\" rel=\"noreferrer noopener\"><strong>nseraten<\/strong><\/a>. Ein Ort, der inspiriert und dazu einl\u00e4dt, seine Arbeiten &amp; Ideen mit einem breiten Publikum zu teilen und neue Kunden zu gewinnen. Damit l\u00f6sen und vereinfachen wir Probleme, mit denen vor allem Salons, Stylisten und Endkunden konfrontiert sind.<\/p>\n\n\n\n<figure class=\"wp-block-image size-large\"><img loading=\"lazy\" decoding=\"async\" width=\"1024\" height=\"363\" src=\"https:\/\/www.hairinspo.me\/friseur-blog\/wp-content\/uploads\/2023\/02\/Blogbeitragsbild-auf-der-Seite-PM-Care3-1-1024x363.jpg\" alt=\"Die erste Community- und Suchplattform der Friseur-Branche\" class=\"wp-image-491\" srcset=\"https:\/\/www.hairinspo.me\/friseur-blog\/wp-content\/uploads\/2023\/02\/Blogbeitragsbild-auf-der-Seite-PM-Care3-1-1024x363.jpg 1024w, https:\/\/www.hairinspo.me\/friseur-blog\/wp-content\/uploads\/2023\/02\/Blogbeitragsbild-auf-der-Seite-PM-Care3-1-300x106.jpg 300w, https:\/\/www.hairinspo.me\/friseur-blog\/wp-content\/uploads\/2023\/02\/Blogbeitragsbild-auf-der-Seite-PM-Care3-1-768x272.jpg 768w, https:\/\/www.hairinspo.me\/friseur-blog\/wp-content\/uploads\/2023\/02\/Blogbeitragsbild-auf-der-Seite-PM-Care3-1-1536x544.jpg 1536w, https:\/\/www.hairinspo.me\/friseur-blog\/wp-content\/uploads\/2023\/02\/Blogbeitragsbild-auf-der-Seite-PM-Care3-1-2048x726.jpg 2048w\" sizes=\"auto, (max-width: 1024px) 100vw, 1024px\" \/><\/figure>\n\n\n\n<blockquote class=\"wp-block-quote is-layout-flow wp-block-quote-is-layout-flow\">\n<p>Bis heute gibt es weltweit keine Seite oder Plattform, die das anbietet, geschweige denn die einzelnen Anspruchsgruppen miteinander verbindet.<\/p>\n<\/blockquote>\n\n\n\n<p><strong>WIE KANN ICH MIR DAS KONKRET VORSTELLEN?<\/strong><\/p>\n\n\n\n<p>Als Salon kannst du ein <a href=\"https:\/\/www.hairinspo.me\/registrieren\" target=\"_blank\" rel=\"noreferrer noopener\"><strong>Salon-Profil erstellen<\/strong><\/a>, mit allen relevanten Infos wie \u00d6ffnungszeiten, Beschreibung, Salon-Bilder oder Arbeiten. Du kannst dich mit deinen Mitarbeitern oder den im Salon gef\u00fchrten Marken verbinden. Automatisch erscheinst du dann auch in den jeweiligen Mitarbeiter- oder Marken-Profilen. Mitarbeiter k\u00f6nnen ein <a href=\"https:\/\/www.hairinspo.me\/registrieren\" target=\"_blank\" rel=\"noreferrer noopener\"><strong>Stylisten-Profil erstellen<\/strong><\/a> und sich mit dem Salon verkn\u00fcpfen. Alle ihre geposteten Arbeiten werden mit Tags hinterlegt und werden automatisch auch in das Salon-Profil integriert. Die Reichweite des Profils steigt also, umso mehr du dich mit anderen Profilen verbindest. Du kannst Arbeiten von anderen Profilen liken, indem du Inspos verteilst. Dadurch vergr\u00f6sserst du nat\u00fcrlich auch dein Netzwerk und inspirierst andere mit deinen Arbeiten.<\/p>\n\n\n\n<figure class=\"wp-block-gallery has-nested-images columns-default is-cropped wp-block-gallery-1 is-layout-flex wp-block-gallery-is-layout-flex\">\n<figure class=\"wp-block-image size-large\"><img loading=\"lazy\" decoding=\"async\" width=\"819\" height=\"1024\" data-id=\"477\" src=\"https:\/\/www.hairinspo.me\/friseur-blog\/wp-content\/uploads\/2023\/02\/Hairinspo-Go-Live2-819x1024.jpg\" alt=\"Erstelle kostenlos dein Salon- oder Stylisten-Profil\" class=\"wp-image-477\" title=\"\" srcset=\"https:\/\/www.hairinspo.me\/friseur-blog\/wp-content\/uploads\/2023\/02\/Hairinspo-Go-Live2-819x1024.jpg 819w, https:\/\/www.hairinspo.me\/friseur-blog\/wp-content\/uploads\/2023\/02\/Hairinspo-Go-Live2-240x300.jpg 240w, https:\/\/www.hairinspo.me\/friseur-blog\/wp-content\/uploads\/2023\/02\/Hairinspo-Go-Live2-768x960.jpg 768w, https:\/\/www.hairinspo.me\/friseur-blog\/wp-content\/uploads\/2023\/02\/Hairinspo-Go-Live2.jpg 1080w\" sizes=\"auto, (max-width: 819px) 100vw, 819px\" \/><\/figure>\n\n\n\n<figure class=\"wp-block-image size-large\"><img loading=\"lazy\" decoding=\"async\" width=\"819\" height=\"1024\" data-id=\"479\" src=\"https:\/\/www.hairinspo.me\/friseur-blog\/wp-content\/uploads\/2023\/02\/Hairinspo-Go-Live3-819x1024.jpg\" alt=\"\" class=\"wp-image-479\" srcset=\"https:\/\/www.hairinspo.me\/friseur-blog\/wp-content\/uploads\/2023\/02\/Hairinspo-Go-Live3-819x1024.jpg 819w, https:\/\/www.hairinspo.me\/friseur-blog\/wp-content\/uploads\/2023\/02\/Hairinspo-Go-Live3-240x300.jpg 240w, https:\/\/www.hairinspo.me\/friseur-blog\/wp-content\/uploads\/2023\/02\/Hairinspo-Go-Live3-768x960.jpg 768w, https:\/\/www.hairinspo.me\/friseur-blog\/wp-content\/uploads\/2023\/02\/Hairinspo-Go-Live3.jpg 1080w\" sizes=\"auto, (max-width: 819px) 100vw, 819px\" \/><\/figure>\n\n\n\n<figure class=\"wp-block-image size-large\"><img loading=\"lazy\" decoding=\"async\" width=\"819\" height=\"1024\" data-id=\"481\" src=\"https:\/\/www.hairinspo.me\/friseur-blog\/wp-content\/uploads\/2023\/02\/Hairinspo-Go-Live4-819x1024.jpg\" alt=\"\" class=\"wp-image-481\" srcset=\"https:\/\/www.hairinspo.me\/friseur-blog\/wp-content\/uploads\/2023\/02\/Hairinspo-Go-Live4-819x1024.jpg 819w, https:\/\/www.hairinspo.me\/friseur-blog\/wp-content\/uploads\/2023\/02\/Hairinspo-Go-Live4-240x300.jpg 240w, https:\/\/www.hairinspo.me\/friseur-blog\/wp-content\/uploads\/2023\/02\/Hairinspo-Go-Live4-768x960.jpg 768w, https:\/\/www.hairinspo.me\/friseur-blog\/wp-content\/uploads\/2023\/02\/Hairinspo-Go-Live4.jpg 1080w\" sizes=\"auto, (max-width: 819px) 100vw, 819px\" \/><\/figure>\n<\/figure>\n\n\n\n<p>Endkunden k\u00f6nnen dich also \u00fcber die <a href=\"https:\/\/www.hairinspo.me\/de\/salons\" target=\"_blank\" rel=\"noreferrer noopener\">Salon<\/a>-, <a href=\"https:\/\/www.hairinspo.me\/de\/stylisten\" target=\"_blank\" rel=\"noreferrer noopener\">Stylisten<\/a>-, <a href=\"https:\/\/www.hairinspo.me\/de\/frisuren\" target=\"_blank\" rel=\"noreferrer noopener\">Bilder<\/a>&#8211; oder <a href=\"https:\/\/www.hairinspo.me\/de\/marken\" target=\"_blank\" rel=\"noreferrer noopener\">Markensuche<\/a> finden und das genau dort oder in dem Umkreis, wo sie danach suchen.<\/p>\n\n\n\n<blockquote class=\"wp-block-quote is-layout-flow wp-block-quote-is-layout-flow\">\n<p>Ein besonderes Highlight ist die <a href=\"https:\/\/www.hairinspo.me\/frisuren\" target=\"_blank\" rel=\"noreferrer noopener\"><strong>Frisuren-Bilder-Suche<\/strong><\/a>. Endkunden k\u00f6nnen \u00fcber Such-Filter nach einer bestimmten Frisur suchen, die sie gerne h\u00e4tten. Dann erscheinen ihnen alle Salons &amp; Stylisten in ihrer Umgebung, die genau diese Arbeit schon gemacht haben. Das Sch\u00f6ne daran. Hier landen sie nicht wie auf Instagram irgendwo im Ausland. Sie k\u00f6nnen dann einfach auf das jeweilige Profil klicken und wenn das Online-Buchungstool hinterlegt ist, direkt einen Termin buchen.<\/p>\n<\/blockquote>\n\n\n\n<h3 class=\"wp-block-heading has-medium-font-size\"><strong>WO IST DER HAKEN &#8211; WAS KOSTET DIE NUTZUNG DER SEITE?<\/strong><\/h3>\n\n\n\n<p>Es gibt keinen. Nur Job-Inserate sind kostenpflichtig. Der Rest der Seite kannst du ohne Geld auszugeben vollkommen uneingeschr\u00e4nkt nutzen. Du kannst also <a href=\"https:\/\/www.hairinspo.me\/registrieren\" target=\"_blank\" rel=\"noreferrer noopener\"><strong>kostenlos dein Salon- oder Stylisten-Profil erstellen<\/strong><\/a>, <a href=\"https:\/\/www.hairinspo.me\/de\/workshops\" target=\"_blank\" rel=\"noreferrer noopener\">Workshops<\/a> ausschreiben, <a href=\"https:\/\/www.hairinspo.me\/de\/marktplatz\" target=\"_blank\" rel=\"noreferrer noopener\">Marktplatzinserate<\/a> ver\u00f6ffentlichen oder wenn du auf Job-Suche bist, dich von Salons finden lassen.<\/p>\n\n\n\n<div class=\"wp-block-buttons is-layout-flex wp-block-buttons-is-layout-flex\">\n<div class=\"wp-block-button has-custom-width wp-block-button__width-50\"><a class=\"wp-block-button__link wp-element-button\" href=\"https:\/\/www.hairinspo.me\/registrieren\" style=\"border-radius:9px\" target=\"_blank\" rel=\"noreferrer noopener\">kostenlos Salon-Profil erstellen<\/a><\/div>\n\n\n\n<div class=\"wp-block-button has-custom-width wp-block-button__width-50\"><a class=\"wp-block-button__link wp-element-button\" href=\"https:\/\/www.hairinspo.me\/registrieren\" style=\"border-radius:10px\" target=\"_blank\" rel=\"noreferrer noopener\">kostenlos Stylisten-Profil erstellen<\/a><\/div>\n<\/div>\n","protected":false},"excerpt":{"rendered":"<p>Stellt euch eine Plattform vor, die Google Suche, Google Maps, Facebook, Instagram, Pinterest und LinkedIn, auf eine Branche zugeschnitten, vereint. Eine Plattform mit Informationen \u00fcber das t\u00e4gliche Salon-Business sowie Suchfunktionen zu; Salons, Frisuren, Stylisten, Marken, Workshops, Jobs&#8230;<\/p>\n","protected":false},"author":2,"featured_media":506,"comment_status":"open","ping_status":"open","sticky":false,"template":"","format":"standard","meta":{"footnotes":""},"categories":[18],"tags":[23,24,26],"class_list":["post-444","post","type-post","status-publish","format-standard","has-post-thumbnail","hentry","category-hairinspo-news","tag-schweiz","tag-deutschland","tag-oesterreich"],"_links":{"self":[{"href":"https:\/\/www.hairinspo.me\/friseur-blog\/wp-json\/wp\/v2\/posts\/444","targetHints":{"allow":["GET"]}}],"collection":[{"href":"https:\/\/www.hairinspo.me\/friseur-blog\/wp-json\/wp\/v2\/posts"}],"about":[{"href":"https:\/\/www.hairinspo.me\/friseur-blog\/wp-json\/wp\/v2\/types\/post"}],"author":[{"embeddable":true,"href":"https:\/\/www.hairinspo.me\/friseur-blog\/wp-json\/wp\/v2\/users\/2"}],"replies":[{"embeddable":true,"href":"https:\/\/www.hairinspo.me\/friseur-blog\/wp-json\/wp\/v2\/comments?post=444"}],"version-history":[{"count":27,"href":"https:\/\/www.hairinspo.me\/friseur-blog\/wp-json\/wp\/v2\/posts\/444\/revisions"}],"predecessor-version":[{"id":2103,"href":"https:\/\/www.hairinspo.me\/friseur-blog\/wp-json\/wp\/v2\/posts\/444\/revisions\/2103"}],"wp:featuredmedia":[{"embeddable":true,"href":"https:\/\/www.hairinspo.me\/friseur-blog\/wp-json\/wp\/v2\/media\/506"}],"wp:attachment":[{"href":"https:\/\/www.hairinspo.me\/friseur-blog\/wp-json\/wp\/v2\/media?parent=444"}],"wp:term":[{"taxonomy":"category","embeddable":true,"href":"https:\/\/www.hairinspo.me\/friseur-blog\/wp-json\/wp\/v2\/categories?post=444"},{"taxonomy":"post_tag","embeddable":true,"href":"https:\/\/www.hairinspo.me\/friseur-blog\/wp-json\/wp\/v2\/tags?post=444"}],"curies":[{"name":"wp","href":"https:\/\/api.w.org\/{rel}","templated":true}]}}