{"id":334,"date":"2023-01-21T13:47:57","date_gmt":"2023-01-21T13:47:57","guid":{"rendered":"https:\/\/www.hairinspo.me\/blog\/?p=334"},"modified":"2024-07-22T17:02:02","modified_gmt":"2024-07-22T16:02:02","slug":"coiffeurjob-bekommt-neuen-besitzer","status":"publish","type":"post","link":"https:\/\/www.hairinspo.me\/friseur-blog\/coiffeurjob-bekommt-neuen-besitzer\/","title":{"rendered":"Coiffeurjob bekommt neuen Besitzer"},"content":{"rendered":"\n<div class=\"wp-block-columns alignwide are-vertically-aligned-center is-layout-flex wp-container-core-columns-is-layout-28f84493 wp-block-columns-is-layout-flex\">\n<div class=\"wp-block-column is-vertically-aligned-center is-layout-flow wp-block-column-is-layout-flow\" style=\"flex-basis:100%\">\n<figure class=\"wp-block-image aligncenter size-large is-resized\"><img decoding=\"async\" src=\"https:\/\/www.hairinspo.me\/friseur-blog\/wp-content\/uploads\/2023\/01\/CJ_Titelbisl-Blog-Teaser2-2-1024x512.jpg\" alt=\"coiffeurjob wird Teil der hairinspo.me Community\" class=\"wp-image-367\" width=\"680\" srcset=\"https:\/\/www.hairinspo.me\/friseur-blog\/wp-content\/uploads\/2023\/01\/CJ_Titelbisl-Blog-Teaser2-2-1024x512.jpg 1024w, https:\/\/www.hairinspo.me\/friseur-blog\/wp-content\/uploads\/2023\/01\/CJ_Titelbisl-Blog-Teaser2-2-300x150.jpg 300w, https:\/\/www.hairinspo.me\/friseur-blog\/wp-content\/uploads\/2023\/01\/CJ_Titelbisl-Blog-Teaser2-2-768x384.jpg 768w, https:\/\/www.hairinspo.me\/friseur-blog\/wp-content\/uploads\/2023\/01\/CJ_Titelbisl-Blog-Teaser2-2-1536x768.jpg 1536w, https:\/\/www.hairinspo.me\/friseur-blog\/wp-content\/uploads\/2023\/01\/CJ_Titelbisl-Blog-Teaser2-2-2048x1024.jpg 2048w\" sizes=\"(max-width: 1024px) 100vw, 1024px\" \/><\/figure>\n<\/div>\n<\/div>\n\n\n\n<p class=\"has-small-font-size\">Mehr als 10 Jahre lang war coiffeurjob in den wundervollen H\u00e4nden der PM Care Systems AG, einer der f\u00fchrenden Schweizer Multibrand Distributoren mit Marken wie <a href=\"https:\/\/hairinspo.me\/de\/marken\/paul-mitchell-schweiz\" target=\"_blank\" rel=\"noreferrer noopener\">Paul Mitchell<\/a>, <a href=\"https:\/\/hairinspo.me\/de\/marken\/professional-by-fama-schweiz\" target=\"_blank\" rel=\"noreferrer noopener\">Professional by Fama<\/a>, evo und <a href=\"https:\/\/hairinspo.me\/de\/marken\/dark-stag-schweiz\" target=\"_blank\" rel=\"noreferrer noopener\">Dark Stag<\/a>. Jetzt wechselt die Seiten den Besitzer. Matthias Birrer, ehemaliger Head of Marketing &amp; Sales bei PM Care und damals auch verantwortlich f\u00fcr die Entwicklung und den Betrieb der Seite, \u00fcbernimmt mit seiner Firma hairinspo gmbh per 1. Januar 2023 coiffeurjob.ch, die Schweizer Job-Plattform f\u00fcr Coiffeure.<\/p>\n\n\n\n<div class=\"wp-block-columns is-layout-flex wp-container-core-columns-is-layout-28f84493 wp-block-columns-is-layout-flex\">\n<div class=\"wp-block-column is-layout-flow wp-block-column-is-layout-flow\" style=\"flex-basis:66.66%\">\n<p class=\"has-medium-font-size\"><strong><a href=\"https:\/\/www.linkedin.com\/in\/doris-merz-nardone-0a863a\/\" target=\"_blank\" rel=\"noreferrer noopener\">Doris Merz Nardone<\/a><\/strong><br>\u00abAls Matthias uns von seinem <a href=\"https:\/\/hairinspo.me\/de\" target=\"_blank\" rel=\"noreferrer noopener\">hairinspo.me<\/a> Projekt erz\u00e4hlt hat, waren wir hellauf begeistert. Die Idee die Coiffeur-Branche zu vereinen und Kunden, Salons, Stylisten, Marken &amp; externe Dienstleister zusammenzuf\u00fchren hat uns davon \u00fcberzeugt coiffeurjob in seine H\u00e4nde zu legen. Wir glauben, dass die Plattform einiges ver\u00e4ndern wird und die Integration von coiffeurjob in die Welt von hairinspo.me die logische Konsequenz ist.\u00bb<\/p>\n<\/div>\n\n\n\n<div class=\"wp-block-column is-layout-flow wp-block-column-is-layout-flow\" style=\"flex-basis:33.33%\">\n<figure class=\"wp-block-image size-medium is-style-rounded\"><img loading=\"lazy\" decoding=\"async\" width=\"300\" height=\"300\" src=\"https:\/\/www.hairinspo.me\/friseur-blog\/wp-content\/uploads\/2023\/01\/Profilbilder_600x600-1-300x300.jpg\" alt=\"Bild Doris Merz Nardone\" class=\"wp-image-349\" srcset=\"https:\/\/www.hairinspo.me\/friseur-blog\/wp-content\/uploads\/2023\/01\/Profilbilder_600x600-1-300x300.jpg 300w, https:\/\/www.hairinspo.me\/friseur-blog\/wp-content\/uploads\/2023\/01\/Profilbilder_600x600-1-1024x1024.jpg 1024w, https:\/\/www.hairinspo.me\/friseur-blog\/wp-content\/uploads\/2023\/01\/Profilbilder_600x600-1-150x150.jpg 150w, https:\/\/www.hairinspo.me\/friseur-blog\/wp-content\/uploads\/2023\/01\/Profilbilder_600x600-1-768x768.jpg 768w, https:\/\/www.hairinspo.me\/friseur-blog\/wp-content\/uploads\/2023\/01\/Profilbilder_600x600-1-1536x1536.jpg 1536w, https:\/\/www.hairinspo.me\/friseur-blog\/wp-content\/uploads\/2023\/01\/Profilbilder_600x600-1-2048x2048.jpg 2048w\" sizes=\"auto, (max-width: 300px) 100vw, 300px\" \/><figcaption class=\"wp-element-caption\">Doris Merz Nardone, CEO &amp; Owner PM Care Systems AG<\/figcaption><\/figure>\n<\/div>\n<\/div>\n\n\n\n<div class=\"wp-block-columns is-layout-flex wp-container-core-columns-is-layout-28f84493 wp-block-columns-is-layout-flex\">\n<div class=\"wp-block-column is-layout-flow wp-block-column-is-layout-flow\" style=\"flex-basis:66.66%\">\n<p class=\"has-medium-font-size\"><strong><strong><a href=\"https:\/\/www.linkedin.com\/in\/matthias-birrer\/\" target=\"_blank\" rel=\"noreferrer noopener\">Matthias Birrer<\/a><\/strong><br><\/strong>\u00abIch kann mich noch gut erinnern, wie wir die Seite damals neu designt und aufgebaut haben. Und jetzt ist es die gr\u00f6sste und wichtigste Job-Plattform f\u00fcr Coiffeure, Friseure &amp; Stylisten in der Schweiz. Ich freue mich sehr \u00fcber den Entscheid und das Vertrauen, uns die Seite zu \u00fcbertragen. Es gibt nicht viele Unternehmen, die sich auch mit der Zukunft der Coiffeur-Branche auseinandersetzten und ein Gesp\u00fcr f\u00fcr Digitalisierung haben. PM Care ist definitiv ein Vorreiter und geh\u00f6rt dazu.\u00bb<\/p>\n<\/div>\n\n\n\n<div class=\"wp-block-column is-layout-flow wp-block-column-is-layout-flow\" style=\"flex-basis:33.33%\">\n<figure class=\"wp-block-image size-large is-style-rounded\"><img loading=\"lazy\" decoding=\"async\" width=\"1024\" height=\"1024\" src=\"https:\/\/www.hairinspo.me\/friseur-blog\/wp-content\/uploads\/2023\/01\/Profilbilder_600x6002-1024x1024.jpg\" alt=\"Bild Matthias Birrer\" class=\"wp-image-352\" srcset=\"https:\/\/www.hairinspo.me\/friseur-blog\/wp-content\/uploads\/2023\/01\/Profilbilder_600x6002-1024x1024.jpg 1024w, https:\/\/www.hairinspo.me\/friseur-blog\/wp-content\/uploads\/2023\/01\/Profilbilder_600x6002-300x300.jpg 300w, https:\/\/www.hairinspo.me\/friseur-blog\/wp-content\/uploads\/2023\/01\/Profilbilder_600x6002-150x150.jpg 150w, https:\/\/www.hairinspo.me\/friseur-blog\/wp-content\/uploads\/2023\/01\/Profilbilder_600x6002-768x768.jpg 768w, https:\/\/www.hairinspo.me\/friseur-blog\/wp-content\/uploads\/2023\/01\/Profilbilder_600x6002-1536x1536.jpg 1536w, https:\/\/www.hairinspo.me\/friseur-blog\/wp-content\/uploads\/2023\/01\/Profilbilder_600x6002-2048x2048.jpg 2048w\" sizes=\"auto, (max-width: 1024px) 100vw, 1024px\" \/><figcaption class=\"wp-element-caption\"><a href=\"https:\/\/www.linkedin.com\/in\/matthias-birrer\/\">Matthias Birrer<\/a>, Gesch\u00e4ftsf\u00fchrer &amp; Inhaber hairinspo gmbh<\/figcaption><\/figure>\n<\/div>\n<\/div>\n\n\n\n<h3 class=\"wp-block-heading has-medium-font-size\">&#8222;a place to inspire, share and connect the world of hair&#8220;<\/h3>\n\n\n\n<p class=\"has-small-font-size\">Wir haben noch grosses vor und wollen den Arbeitgebern und Job-Suchenden einen noch viel gr\u00f6sseren Mehrwert bieten. Darum entwickeln und gestalten wir eine neue Seite. Eine kleine Sozial-Media-Plattform \/ Suchplattform f\u00fcr die Coiffeur-Branche, wo man sich miteinander verbinden, die Arbeitsergebnisse teilen, liken und neue Kunden gewinnen kann. Der Launch ist auf den 1. Februar geplant. Coiffeurjob wird noch einige Monate eigenst\u00e4ndig laufen, bevor wir sie schrittweise in die neue hairinspo.me Seite integrieren. An den Preisen und Laufzeiten der Inserate auf coiffeurjob wird sich w\u00e4hrend dieser Zeit nichts \u00e4ndern.<\/p>\n","protected":false},"excerpt":{"rendered":"<p>Mehr als 10 Jahre lang war coiffeurjob in den wundervollen H\u00e4nden der PM Care Systems AG, einer der f\u00fchrenden Schweizer Multibrand Distributoren mit Marken wie Paul Mitchell, Professional by Fama, evo und Dark Stag. Jetzt wechselt die Seiten den Besitzer&#8230;<\/p>\n","protected":false},"author":2,"featured_media":504,"comment_status":"open","ping_status":"open","sticky":false,"template":"","format":"standard","meta":{"footnotes":""},"categories":[18],"tags":[23],"class_list":["post-334","post","type-post","status-publish","format-standard","has-post-thumbnail","hentry","category-hairinspo-news","tag-schweiz"],"_links":{"self":[{"href":"https:\/\/www.hairinspo.me\/friseur-blog\/wp-json\/wp\/v2\/posts\/334","targetHints":{"allow":["GET"]}}],"collection":[{"href":"https:\/\/www.hairinspo.me\/friseur-blog\/wp-json\/wp\/v2\/posts"}],"about":[{"href":"https:\/\/www.hairinspo.me\/friseur-blog\/wp-json\/wp\/v2\/types\/post"}],"author":[{"embeddable":true,"href":"https:\/\/www.hairinspo.me\/friseur-blog\/wp-json\/wp\/v2\/users\/2"}],"replies":[{"embeddable":true,"href":"https:\/\/www.hairinspo.me\/friseur-blog\/wp-json\/wp\/v2\/comments?post=334"}],"version-history":[{"count":19,"href":"https:\/\/www.hairinspo.me\/friseur-blog\/wp-json\/wp\/v2\/posts\/334\/revisions"}],"predecessor-version":[{"id":2105,"href":"https:\/\/www.hairinspo.me\/friseur-blog\/wp-json\/wp\/v2\/posts\/334\/revisions\/2105"}],"wp:featuredmedia":[{"embeddable":true,"href":"https:\/\/www.hairinspo.me\/friseur-blog\/wp-json\/wp\/v2\/media\/504"}],"wp:attachment":[{"href":"https:\/\/www.hairinspo.me\/friseur-blog\/wp-json\/wp\/v2\/media?parent=334"}],"wp:term":[{"taxonomy":"category","embeddable":true,"href":"https:\/\/www.hairinspo.me\/friseur-blog\/wp-json\/wp\/v2\/categories?post=334"},{"taxonomy":"post_tag","embeddable":true,"href":"https:\/\/www.hairinspo.me\/friseur-blog\/wp-json\/wp\/v2\/tags?post=334"}],"curies":[{"name":"wp","href":"https:\/\/api.w.org\/{rel}","templated":true}]}}