{"id":2449,"date":"2024-07-21T16:57:32","date_gmt":"2024-07-21T15:57:32","guid":{"rendered":"https:\/\/www.hairinspo.me\/friseur-blog\/?p=2449"},"modified":"2024-10-01T19:50:31","modified_gmt":"2024-10-01T18:50:31","slug":"coiffeur-jobs-kosten-preise-und-laufzeit-fuer-stelleninserate-auf-hairinspo","status":"publish","type":"post","link":"https:\/\/www.hairinspo.me\/friseur-blog\/coiffeur-jobs-kosten-preise-und-laufzeit-fuer-stelleninserate-auf-hairinspo\/","title":{"rendered":"Coiffeur-Jobs: Kosten, Preise und Laufzeit f\u00fcr Stelleninserate."},"content":{"rendered":"\n<p>Du bist auf der Suche nach der besten und preiswertesten M\u00f6glichkeit, Job-Inserate f\u00fcr deinen Coiffeur-Salon zu ver\u00f6ffentlichen? Dann bist du hier genau richtig! Wir sind das f\u00fchrende und gr\u00f6sste Stellenportal der Coiffeur-Branche. Hier erf\u00e4hrst du alles Wissenswerte \u00fcber die Kosten f\u00fcr Stelleninserate und die zahlreichen Vorteile, die wir dir bieten. Von attraktiven Rabatten und speziellen Konditionen \u00fcber kostenlose Zusatzfunktionen bis hin zu maximaler Sichtbarkeit auf Google und sozialen Medien \u2013 wir erkl\u00e4ren dir, warum Hairinspo die ideale Wahl f\u00fcr deine Jobanzeigen ist. Lies weiter, um herauszufinden, wie du mit unseren Optionen noch mehr aus deinem Inserat herausholst und welche zus\u00e4tzliche Unterst\u00fctzung wir f\u00fcr dich bereithalten.<\/p>\n\n\n\n<h2 class=\"wp-block-heading has-medium-font-size\"><strong>Wie viel kosten Stelleninserate auf dem Stellenportal von hairinspo?<\/strong><\/h2>\n\n\n\n<p>Ein Stelleninserat auf hairinspo kostet CHF 250.- exkl. MwSt.<\/p>\n\n\n\n<p>Im <a href=\"https:\/\/www.hairinspo.me\/friseur-blog\/vergleich-schweizer-job-plattformen-fuer-coiffeure\/\">Vergleich zu anderen spezialisierten Job-Plattformen<\/a>, ist das die g\u00fcnstigste und preiswerteste M\u00f6glichkeit f\u00fcr Coiffeur-Salons ein Job-Inserat zu ver\u00f6ffentlichen. Zudem bieten wir die meisten kostenlosen Zusatzfunktionen und investieren viel Geld, damit deine Anzeige auch wirklich auf Google und bei <a href=\"https:\/\/www.hairinspo.me\/mitarbeiter\">Job-Suchenden<\/a> gefunden wird.<\/p>\n\n\n\n<div class=\"wp-block-buttons is-layout-flex wp-block-buttons-is-layout-flex\">\n<div class=\"wp-block-button has-custom-width wp-block-button__width-100 has-custom-font-size has-small-font-size\"><a class=\"wp-block-button__link wp-element-button\" href=\"https:\/\/www.hairinspo.me\/friseur-blog\/vergleich-schweizer-job-plattformen-fuer-coiffeure\/\" style=\"border-radius:10px;padding-top:var(--wp--preset--spacing--30);padding-right:var(--wp--preset--spacing--30);padding-bottom:var(--wp--preset--spacing--30);padding-left:var(--wp--preset--spacing--30)\"><strong>Vergleiche jetzt die Job-Plattformen.<\/strong><\/a><\/div>\n<\/div>\n\n\n\n<h2 class=\"wp-block-heading has-medium-font-size\"><strong><strong>Gibt es Verg\u00fcnstigungen, spezielle Konditionen oder Rabatte f\u00fcr Coiffeur-Jobs Stelleninserate?<\/strong><\/strong><\/h2>\n\n\n\n<p>Ja, wir haben<a href=\"https:\/\/www.hairinspo.me\/friseur-blog\/themenfelder\/partner-kooperationen\/\"> Partnerschaften<\/a> mit verschiedenen Marken und Dienstleistern. Wenn du mit einem unserer Kooperations-Partner arbeitest, bekommst du spezielle Konditionen von 10% bis 20% Rabatt auf Job-Inserate. Du kannst den Code bei ihnen anfragen und beim online Zahlprozess einl\u00f6sen. Mit diesen Partnerschaften kostet dich die Stellenausschreibung nur CHF 200.- bis CHF 225.- exkl. MwSt.<\/p>\n\n\n\n<p>Falls du ein gr\u00f6sserer Coiffeur-Salon oder Coiffeur-Kette bist und mehrmals im Jahr Stelleninserate ver\u00f6ffentlichst, kannst du uns gerne f\u00fcr eine Preisstaffelung <a href=\"https:\/\/www.hairinspo.me\/kontakt\">anfragen<\/a>.<\/p>\n\n\n\n<h2 class=\"wp-block-heading has-medium-font-size\"><strong>Wie lange sind Stelleninserate online sichtbar?<\/strong><\/h2>\n\n\n\n<p>Die Job-Inserate haben aktuell eine Laufzeit von 120 Tage (4 Monate). Das ist aktuell die l\u00e4ngste Laufzeit, die du auf Jobs- oder Stellenportale finden kannst. Solltest du in der Zeit trotzdem noch nicht die passenden Mitarbeitenden gefunden haben, kannst du das Stelleninserat um weitere 4 Monate verl\u00e4ngern. <\/p>\n\n\n\n<p>Im <a href=\"https:\/\/www.hairinspo.me\/friseur-blog\/vergleich-schweizer-job-plattformen-fuer-coiffeure\/\">Vergleich<\/a> zu anderen spezialisierten Plattformen wie z. B. der von Coiffure Suisse (Verband Schweizer Coiffeurgesch\u00e4fte), kannst du bei uns deine Anzeige nicht nur einmal, sondern so oft verl\u00e4ngern, wie du m\u00f6chtest. Hier unterst\u00fctzen wir dich zudem noch mit einem speziellen Rabatt von 10% auf alle Verl\u00e4ngerungen.<\/p>\n\n\n\n<div class=\"wp-block-buttons is-layout-flex wp-block-buttons-is-layout-flex\">\n<div class=\"wp-block-button has-custom-width wp-block-button__width-100 has-custom-font-size has-small-font-size\"><a class=\"wp-block-button__link wp-element-button\" href=\"https:\/\/www.hairinspo.me\/friseur-blog\/vergleich-schweizer-job-plattformen-fuer-coiffeure\/\" style=\"border-radius:10px;padding-top:var(--wp--preset--spacing--30);padding-right:var(--wp--preset--spacing--30);padding-bottom:var(--wp--preset--spacing--30);padding-left:var(--wp--preset--spacing--30)\"><strong>Vergleiche jetzt die Laufzeit der Job-Plattformen.<\/strong><\/a><\/div>\n<\/div>\n\n\n\n<h2 class=\"wp-block-heading has-medium-font-size\"><strong><strong><strong>Kann ich mein Stelleninserat speziell hervorheben damit es noch besser gesehen wird?<\/strong><\/strong><\/strong><\/h2>\n\n\n\n<p>Ja, es gibt mehrere M\u00f6glichkeiten, das Stelleninserat hervorzuheben, um noch mehr Sichtbarkeit und Reichweite f\u00fcr deine Job-Anzeige zu bekommen. Hier haben wir f\u00fcr dich alle M\u00f6glichkeiten aufgelistet dich und dein Job-Inserat von der Masse abzuheben.<\/p>\n\n\n\n<div class=\"wp-block-columns has-border-color has-secondary-border-color is-layout-flex wp-container-core-columns-is-layout-cc9b1f73 wp-block-columns-is-layout-flex\" style=\"border-width:1px;border-radius:10px;margin-top:var(--wp--preset--spacing--30);margin-bottom:var(--wp--preset--spacing--30);padding-top:var(--wp--preset--spacing--30);padding-right:var(--wp--preset--spacing--30);padding-bottom:var(--wp--preset--spacing--30);padding-left:var(--wp--preset--spacing--30)\">\n<div class=\"wp-block-column is-layout-flow wp-block-column-is-layout-flow\" style=\"flex-basis:33.33%\">\n<figure class=\"wp-block-image size-full is-resized\"><img decoding=\"async\" src=\"https:\/\/www.hairinspo.me\/friseur-blog\/wp-content\/uploads\/2024\/07\/Coiffeur-Jobs-Stelleninserat-hervorheben-highlight-auf-hairinspo.svg\" alt=\"Kosten Coiffeur Jobs Stelleninserat hervorheben highlight auf hairinspo\" class=\"wp-image-2463\" style=\"width:210px\"\/><\/figure>\n<\/div>\n\n\n\n<div class=\"wp-block-column is-layout-flow wp-block-column-is-layout-flow\" style=\"flex-basis:66.66%\">\n<h3 class=\"wp-block-heading has-medium-font-size\"><strong>Highlight:<\/strong> Job-Inserate die Farblich hervorstechen.<\/h3>\n\n\n\n<p><strong>Kosten: CHF 30.00 exkl. MwSt.<\/strong><br>Dein Job-Inserat wird f\u00fcr 60 Tage farblich hervorgehoben und sticht somit mehr aus der Masse heraus.<\/p>\n<\/div>\n<\/div>\n\n\n\n<div class=\"wp-block-columns has-border-color has-secondary-border-color is-layout-flex wp-container-core-columns-is-layout-cc9b1f73 wp-block-columns-is-layout-flex\" style=\"border-width:1px;border-radius:10px;margin-top:var(--wp--preset--spacing--30);margin-bottom:var(--wp--preset--spacing--30);padding-top:var(--wp--preset--spacing--30);padding-right:var(--wp--preset--spacing--30);padding-bottom:var(--wp--preset--spacing--30);padding-left:var(--wp--preset--spacing--30)\">\n<div class=\"wp-block-column is-layout-flow wp-block-column-is-layout-flow\" style=\"flex-basis:33.33%\">\n<figure class=\"wp-block-image size-full is-resized\"><img decoding=\"async\" src=\"https:\/\/www.hairinspo.me\/friseur-blog\/wp-content\/uploads\/2024\/07\/Coiffeur-Jobs-Stelleninserat-hervorheben-featured-auf-hairinspo-1.svg\" alt=\"Kosten Coiffeur Jobs Stelleninserat hervorheben featured auf hairinspo\" class=\"wp-image-2465\" style=\"width:210px\"\/><\/figure>\n<\/div>\n\n\n\n<div class=\"wp-block-column is-layout-flow wp-block-column-is-layout-flow\" style=\"flex-basis:66.66%\">\n<h3 class=\"wp-block-heading has-medium-font-size\"><strong><strong>Featured:<\/strong><\/strong> Job-Inserate die zuoberst und prominent platziert sind.<\/h3>\n\n\n\n<p><strong>Kosten: CHF 90.00 exkl. MwSt.<\/strong><br>Dein Job-Inserat wird f\u00fcr 60 Tage immer ganz oben auf der Job-Seite wie auch auf der Haupt- und Startseite ausgespielt.<\/p>\n<\/div>\n<\/div>\n\n\n\n<div class=\"wp-block-columns has-border-color has-secondary-border-color is-layout-flex wp-container-core-columns-is-layout-cc9b1f73 wp-block-columns-is-layout-flex\" style=\"border-width:1px;border-radius:10px;margin-top:var(--wp--preset--spacing--30);margin-bottom:var(--wp--preset--spacing--30);padding-top:var(--wp--preset--spacing--30);padding-right:var(--wp--preset--spacing--30);padding-bottom:var(--wp--preset--spacing--30);padding-left:var(--wp--preset--spacing--30)\">\n<div class=\"wp-block-column is-layout-flow wp-block-column-is-layout-flow\" style=\"flex-basis:33.33%\">\n<figure class=\"wp-block-image size-full is-resized\"><img decoding=\"async\" src=\"https:\/\/www.hairinspo.me\/friseur-blog\/wp-content\/uploads\/2024\/07\/Coiffeur-Jobs-Stelleninserat-hervorheben-highlight-und-featured-auf-hairinspo.svg\" alt=\"Kosten Coiffeur Jobs Stelleninserat hervorheben highlight und featured auf hairinspo\" class=\"wp-image-2467\" style=\"width:210px\"\/><\/figure>\n<\/div>\n\n\n\n<div class=\"wp-block-column is-layout-flow wp-block-column-is-layout-flow\" style=\"flex-basis:66.66%\">\n<h3 class=\"wp-block-heading has-medium-font-size\"><strong><strong>Highlight &amp; Featured:<\/strong><\/strong> Job-Inserate mit maximaler Sichtbarkeit.<\/h3>\n\n\n\n<p><strong>Kosten: CHF 108.00 statt CHF 120.00 exkl. MwSt. (10% Rabatt)<\/strong><br>Du stichst f\u00fcr 60 Tage komplett heraus. Dein Job-Inserat wird farblich hervorgehoben und ganz oben auf der Job-Seite sowie auf der Haupt- und Startseite ausgespielt. Mehr Sichtbarkeit geht nicht!<\/p>\n<\/div>\n<\/div>\n\n\n\n<div class=\"wp-block-columns has-border-color is-layout-flex wp-container-core-columns-is-layout-cc9b1f73 wp-block-columns-is-layout-flex\" style=\"border-color:#3F3F3F;border-width:1px;border-radius:10px;margin-top:var(--wp--preset--spacing--30);margin-bottom:var(--wp--preset--spacing--30);padding-top:var(--wp--preset--spacing--30);padding-right:var(--wp--preset--spacing--30);padding-bottom:var(--wp--preset--spacing--30);padding-left:var(--wp--preset--spacing--30)\">\n<div class=\"wp-block-column is-layout-flow wp-block-column-is-layout-flow\" style=\"flex-basis:33.33%\">\n<figure class=\"wp-block-image size-full is-resized\"><img decoding=\"async\" src=\"https:\/\/www.hairinspo.me\/friseur-blog\/wp-content\/uploads\/2024\/07\/Coiffeur-Jobs-Stelleninserat-hervorheben-hochschieben-auf-hairinspo.svg\" alt=\"Kosten Coiffeur Jobs Stelleninserat hervorheben hochschieben auf hairinspo\" class=\"wp-image-2471\" style=\"width:210px\"\/><\/figure>\n<\/div>\n\n\n\n<div class=\"wp-block-column is-layout-flow wp-block-column-is-layout-flow\" style=\"flex-basis:66.66%\">\n<h3 class=\"wp-block-heading has-medium-font-size\"><strong><strong>Hochschieben:<\/strong><\/strong> Job-Inserate wieder oben platzieren.<\/h3>\n\n\n\n<p><strong>Kosten: CHF 55.00 exkl. MwSt.<\/strong> <br>Wenn du dein Job-Inserat nicht gefeatured hast, wird es mit der Aufschaltung von neuen Anzeigen immer weiter nach unten rutschen. Mit dem Hochschieben hast du die M\u00f6glichkeit dein Inserat wieder oben zu platzieren, ohne ein neues zu schalten.<\/p>\n<\/div>\n<\/div>\n\n\n\n<h2 class=\"wp-block-heading has-medium-font-size\"><strong><strong>Wo wird das Stelleninserat \u00fcberall ver\u00f6ffentlicht?<\/strong><\/strong><\/h2>\n\n\n\n<div class=\"wp-block-columns is-layout-flex wp-container-core-columns-is-layout-28f84493 wp-block-columns-is-layout-flex\">\n<div class=\"wp-block-column is-layout-flow wp-block-column-is-layout-flow\" style=\"flex-basis:33.33%\">\n<figure class=\"wp-block-image size-full\"><img loading=\"lazy\" decoding=\"async\" width=\"675\" height=\"647\" src=\"https:\/\/www.hairinspo.me\/friseur-blog\/wp-content\/uploads\/2024\/07\/Hairinspos-Schnittstelle-fuer-Coiffeur-Jobs-zu-Google.jpg\" alt=\"Hairinspos Schnittstelle f\u00fcr Coiffeur Jobs zu Google\" class=\"wp-image-2475\" style=\"object-fit:cover\" srcset=\"https:\/\/www.hairinspo.me\/friseur-blog\/wp-content\/uploads\/2024\/07\/Hairinspos-Schnittstelle-fuer-Coiffeur-Jobs-zu-Google.jpg 675w, https:\/\/www.hairinspo.me\/friseur-blog\/wp-content\/uploads\/2024\/07\/Hairinspos-Schnittstelle-fuer-Coiffeur-Jobs-zu-Google-300x288.jpg 300w\" sizes=\"auto, (max-width: 675px) 100vw, 675px\" \/><\/figure>\n<\/div>\n\n\n\n<div class=\"wp-block-column is-layout-flow wp-block-column-is-layout-flow\" style=\"flex-basis:66.66%\">\n<p>Die Stelleninserate werden auf unserer Website wie auch auf unseren Social-Media-Kan\u00e4len <a href=\"https:\/\/www.instagram.com\/hairinspo\/\">Instagram<\/a> und <a href=\"https:\/\/www.facebook.com\/hairinspo.me\">Facebook<\/a> in den Storys ver\u00f6ffentlicht. Wir haben auch extra f\u00fcr dich eine Schnittstelle zu Google Jobs entwickelt, damit deine Job-Inserate auf Google noch besser gefunden werden.<\/p>\n\n\n\n<p>Weiter gibt es viele nationale und internationale nicht branchenspezifische Job-Plattformen wie Jobs, JobScout24, Jobup, Indeed, Jooble, beauty-job oder Jobagent die unsere Anzeigen teilweise kopieren und f\u00fcr dich kostenlos nochmals auf ihrer Plattform ver\u00f6ffentlichen.<\/p>\n<\/div>\n<\/div>\n\n\n\n<h2 class=\"wp-block-heading has-medium-font-size\"><strong>FAQ \u2013 Frequently Asked Questions: Die h\u00e4ufigsten gestellten Fragen und Antworten \u00fcber Coiffeur-Jobs-Inserate<\/strong>.<\/h2>\n\n\n\n<div class=\"wp-block-aab-group-accordion searchable aagb_accordion_723b57fe-1861-4244-b0dc-8a448dcacc1b click\">\n<style>.aagb__accordion_container.no-pro-plan .aagb__accordion_body { padding:  10px !important; }<\/style><div class=\"wp-block-aab-accordion-item aagb__accordion_container\" style=\"border:1px dotted #000000;margin-top:0px;margin-bottom:15px;border-radius:0px\"><div class=\"aagb__accordion_head aab_right_icon\" data-active=\"false\" style=\"color:#333333;background-color:transparent;padding:10px 10px 10px 10px\"><div class=\"aagb__accordion_heading aab_right_icon aagb_right_link\"><h3 class=\"aagb__accordion_title\" style=\"margin:0;color:#333333\"><strong>Habt ihr eine Datenbank mit Coiffeuren\/Coiffeusen die auf Job-Suche sind?<\/strong><\/h3><\/div><div class=\"aagb__accordion_icon\" style=\"color:#333333;background-color:transparent\"><div class=\"aagb__icon_dashicons_box\"><span id=\"complete-sign\">\u2713<\/span><span class=\"aagb__icon dashicons dashicons-arrow-down-alt2\"><\/span><\/div><\/div><\/div><div class=\"aagb__accordion_body   \" role=\"region\" style=\"background-color:transparent;border-top:1px dotted #000000;padding:10px 10px 10px 10px\"><div class=\"aagb__accordion_component\">\n<p>Ja. Alle Coiffeure, Stylisten und Barbers unserer Community, k\u00f6nnen ihr Profil f\u00fcr die Stellensuche aktivieren und erscheinen direkt in der Rubrik <a href=\"https:\/\/www.hairinspo.me\/mitarbeiter\">Mitarbeiter<\/a>. Coiffeur-Salons, die bei uns ein Profil haben und ein Job-Inserat ver\u00f6ffentlichen, k\u00f6nnen diese direkt kontaktieren und anschreiben.<\/p>\n<\/div><\/div><\/div><script>\n\t\t\t\t\t\t\tjQuery(document).ready(function($) {\n\t\t\t\t\t\t\t\tvar text_max = parseInt(\"1\"); \/\/ Parse contentCount as an integer\n\n\t\t\t\t\t\t\t\t$(\".expand .aagb__accordion_component p\").hide();\n\t\t\t\t\t\t\t\t$(\".expand .aagb__accordion_component p\").slice(0, text_max).show();\n\t\t\t\t\t\t\t\t\n\t\t\t\t\t\t\t\t$(\".expand .aagb_button_toggle\").click(function(e) {\n\t\t\t\t\t\t\t\t\te.preventDefault();\n\t\t\t\t\t\t\t\t\t$(\".expand .aagb__accordion_component p:hidden\").slice(0, text_max).fadeIn(\"slow\");\n\t\t\t\t\t\t\t\t\tif ($(\".expand .aagb__accordion_component p:hidden\").length === 0) {\n\t\t\t\t\t\t\t\t\t\t$(\".aagb_button_toggle\").fadeOut(\"slow\");\n\t\t\t\t\t\t\t\t\t\t$(\".aagb_overlay\").fadeOut(\"slow\");\n\t\t\t\t\t\t\t\t\t}\n\t\t\t\t\t\t\t\t});\n\t\t\t\t\t\t\t});\n\t\t\t\t\t\t\t\t\n\t\t\t\t\t<\/script>\n\n\n\n<style>.aagb__accordion_container.no-pro-plan .aagb__accordion_body { padding:  10px !important; }<\/style><div class=\"wp-block-aab-accordion-item aagb__accordion_container\" style=\"border:1px dotted #000000;margin-top:0px;margin-bottom:15px;border-radius:0px\"><div class=\"aagb__accordion_head aab_right_icon\" data-active=\"false\" style=\"color:#333333;background-color:transparent;padding:10px 10px 10px 10px\"><div class=\"aagb__accordion_heading aab_right_icon aagb_right_link\"><h3 class=\"aagb__accordion_title\" style=\"margin:0;color:#333333\"><strong>Was kosten Lehrstelleninserate?<\/strong><\/h3><\/div><div class=\"aagb__accordion_icon\" style=\"color:#333333;background-color:transparent\"><div class=\"aagb__icon_dashicons_box\"><span id=\"complete-sign\">\u2713<\/span><span class=\"aagb__icon dashicons dashicons-arrow-down-alt2\"><\/span><\/div><\/div><\/div><div class=\"aagb__accordion_body   \" role=\"region\" style=\"background-color:transparent;border-top:1px dotted #000000;padding:10px 10px 10px 10px\"><div class=\"aagb__accordion_component\">\n<p>Lehrstelleninserate sind auf Hairinspo kostenlos.<\/p>\n\n\n\n<p>Uns liegt die Zukunft der Coiffeur-Branche am Herzen. Nur wenn auch wir unseren Beitrag leisten, k\u00f6nnen wir die Branche in der Schweiz nachhaltig st\u00e4rken und dem Fachkr\u00e4ftemangel entgegenwirken. Darum sind Lehrstelleninserate f\u00fcr <a href=\"https:\/\/www.hairinspo.me\/friseur-blog\/lehre-als-coiffeur-coiffeuse-efz-alles-was-du-wissen-musst\/\">Coiffeur\/-euse EFZ<\/a> und <a href=\"https:\/\/www.hairinspo.me\/friseur-blog\/lehre-als-coiffeur-coiffeuse-eba-alles-was-du-wissen-musst\/\">Coiffeur\/-euse EBA<\/a> bei uns kostenlos. Im <a href=\"https:\/\/www.hairinspo.me\/friseur-blog\/vergleich-schweizer-job-plattformen-fuer-coiffeure\/\">Vergleich<\/a> z.B. zur Verbandswebsite von Coiffure Suisse (Arbeitgeberverband) unterscheiden wir nicht zwischen exklusiven Mitgliedern und nicht Mitgliedern. Bei uns k\u00f6nnen alle die Lehrstellen kostenlos ver\u00f6ffentlichen.<\/p>\n<\/div><\/div><\/div><script>\n\t\t\t\t\t\t\tjQuery(document).ready(function($) {\n\t\t\t\t\t\t\t\tvar text_max = parseInt(\"1\"); \/\/ Parse contentCount as an integer\n\n\t\t\t\t\t\t\t\t$(\".expand .aagb__accordion_component p\").hide();\n\t\t\t\t\t\t\t\t$(\".expand .aagb__accordion_component p\").slice(0, text_max).show();\n\t\t\t\t\t\t\t\t\n\t\t\t\t\t\t\t\t$(\".expand .aagb_button_toggle\").click(function(e) {\n\t\t\t\t\t\t\t\t\te.preventDefault();\n\t\t\t\t\t\t\t\t\t$(\".expand .aagb__accordion_component p:hidden\").slice(0, text_max).fadeIn(\"slow\");\n\t\t\t\t\t\t\t\t\tif ($(\".expand .aagb__accordion_component p:hidden\").length === 0) {\n\t\t\t\t\t\t\t\t\t\t$(\".aagb_button_toggle\").fadeOut(\"slow\");\n\t\t\t\t\t\t\t\t\t\t$(\".aagb_overlay\").fadeOut(\"slow\");\n\t\t\t\t\t\t\t\t\t}\n\t\t\t\t\t\t\t\t});\n\t\t\t\t\t\t\t});\n\t\t\t\t\t\t\t\t\n\t\t\t\t\t<\/script>\n\n\n\n<style>.aagb__accordion_container.no-pro-plan .aagb__accordion_body { padding:  10px !important; }<\/style><div class=\"wp-block-aab-accordion-item aagb__accordion_container\" style=\"border:1px dotted #000000;margin-top:0px;margin-bottom:15px;border-radius:0px\"><div class=\"aagb__accordion_head aab_right_icon\" data-active=\"false\" style=\"color:#333333;background-color:transparent;padding:10px 10px 10px 10px\"><div class=\"aagb__accordion_heading aab_right_icon aagb_right_link\"><h3 class=\"aagb__accordion_title\" style=\"margin:0;color:#333333\"><strong>Was kosten Immobilieninserate?<\/strong><\/h3><\/div><div class=\"aagb__accordion_icon\" style=\"color:#333333;background-color:transparent\"><div class=\"aagb__icon_dashicons_box\"><span id=\"complete-sign\">\u2713<\/span><span class=\"aagb__icon dashicons dashicons-arrow-down-alt2\"><\/span><\/div><\/div><\/div><div class=\"aagb__accordion_body   \" role=\"region\" style=\"background-color:transparent;border-top:1px dotted #000000;padding:10px 10px 10px 10px\"><div class=\"aagb__accordion_component\">\n<p>Immobilieninserate sind auf Hairinspo ebenfalls kostenlos und k\u00f6nnen auf dem<a href=\"https:\/\/www.hairinspo.me\/marktplatz\"> Marktplatz<\/a> f\u00fcr Coiffeure mit unbegrenzter Laufzeit ver\u00f6ffentlicht werden.<\/p>\n<\/div><\/div><\/div><script>\n\t\t\t\t\t\t\tjQuery(document).ready(function($) {\n\t\t\t\t\t\t\t\tvar text_max = parseInt(\"1\"); \/\/ Parse contentCount as an integer\n\n\t\t\t\t\t\t\t\t$(\".expand .aagb__accordion_component p\").hide();\n\t\t\t\t\t\t\t\t$(\".expand .aagb__accordion_component p\").slice(0, text_max).show();\n\t\t\t\t\t\t\t\t\n\t\t\t\t\t\t\t\t$(\".expand .aagb_button_toggle\").click(function(e) {\n\t\t\t\t\t\t\t\t\te.preventDefault();\n\t\t\t\t\t\t\t\t\t$(\".expand .aagb__accordion_component p:hidden\").slice(0, text_max).fadeIn(\"slow\");\n\t\t\t\t\t\t\t\t\tif ($(\".expand .aagb__accordion_component p:hidden\").length === 0) {\n\t\t\t\t\t\t\t\t\t\t$(\".aagb_button_toggle\").fadeOut(\"slow\");\n\t\t\t\t\t\t\t\t\t\t$(\".aagb_overlay\").fadeOut(\"slow\");\n\t\t\t\t\t\t\t\t\t}\n\t\t\t\t\t\t\t\t});\n\t\t\t\t\t\t\t});\n\t\t\t\t\t\t\t\t\n\t\t\t\t\t<\/script>\n\n\n\n<style>.aagb__accordion_container.no-pro-plan .aagb__accordion_body { padding:  10px !important; }<\/style><div class=\"wp-block-aab-accordion-item aagb__accordion_container\" style=\"border:1px dotted #000000;margin-top:0px;margin-bottom:15px;border-radius:0px\"><div class=\"aagb__accordion_head aab_right_icon\" data-active=\"false\" style=\"color:#333333;background-color:transparent;padding:10px 10px 10px 10px\"><div class=\"aagb__accordion_heading aab_right_icon aagb_right_link\"><h3 class=\"aagb__accordion_title\" style=\"margin:0;color:#333333\"><strong>K\u00f6nnen auch Chiffre-Inserate ver\u00f6ffentlicht werden?<\/strong><\/h3><\/div><div class=\"aagb__accordion_icon\" style=\"color:#333333;background-color:transparent\"><div class=\"aagb__icon_dashicons_box\"><span id=\"complete-sign\">\u2713<\/span><span class=\"aagb__icon dashicons dashicons-arrow-down-alt2\"><\/span><\/div><\/div><\/div><div class=\"aagb__accordion_body   \" role=\"region\" style=\"background-color:transparent;border-top:1px dotted #000000;padding:10px 10px 10px 10px\"><div class=\"aagb__accordion_component\">\n<p>Chiffre-Inserate, welche es Inserenten erm\u00f6glicht anonym zu bleiben, k\u00f6nnen nicht aufgegeben werden. Bei uns geh\u00f6rt zu jedem Job-Inserat ein passendes <a href=\"https:\/\/www.hairinspo.me\/salons\">Salonprofil<\/a>, wo Job-Suchende einen ersten Eindruck des Arbeitgebers gewinnen k\u00f6nnen.<\/p>\n<\/div><\/div><\/div><script>\n\t\t\t\t\t\t\tjQuery(document).ready(function($) {\n\t\t\t\t\t\t\t\tvar text_max = parseInt(\"1\"); \/\/ Parse contentCount as an integer\n\n\t\t\t\t\t\t\t\t$(\".expand .aagb__accordion_component p\").hide();\n\t\t\t\t\t\t\t\t$(\".expand .aagb__accordion_component p\").slice(0, text_max).show();\n\t\t\t\t\t\t\t\t\n\t\t\t\t\t\t\t\t$(\".expand .aagb_button_toggle\").click(function(e) {\n\t\t\t\t\t\t\t\t\te.preventDefault();\n\t\t\t\t\t\t\t\t\t$(\".expand .aagb__accordion_component p:hidden\").slice(0, text_max).fadeIn(\"slow\");\n\t\t\t\t\t\t\t\t\tif ($(\".expand .aagb__accordion_component p:hidden\").length === 0) {\n\t\t\t\t\t\t\t\t\t\t$(\".aagb_button_toggle\").fadeOut(\"slow\");\n\t\t\t\t\t\t\t\t\t\t$(\".aagb_overlay\").fadeOut(\"slow\");\n\t\t\t\t\t\t\t\t\t}\n\t\t\t\t\t\t\t\t});\n\t\t\t\t\t\t\t});\n\t\t\t\t\t\t\t\t\n\t\t\t\t\t<\/script>\n\n\n\n<style>.aagb__accordion_container.no-pro-plan .aagb__accordion_body { padding:  10px !important; }<\/style><div class=\"wp-block-aab-accordion-item aagb__accordion_container\" style=\"border:1px dotted #000000;margin-top:0px;margin-bottom:15px;border-radius:0px\"><div class=\"aagb__accordion_head aab_right_icon\" data-active=\"false\" style=\"color:#333333;background-color:transparent;padding:10px 10px 10px 10px\"><div class=\"aagb__accordion_heading aab_right_icon aagb_right_link\"><h3 class=\"aagb__accordion_title\" style=\"margin:0;color:#333333\"><strong><strong>K\u00f6nnen Inserate oder Anzeigen f\u00fcr Stuhlmiete oder Platzmiete ver\u00f6ffentlicht werden?<\/strong><\/strong><\/h3><\/div><div class=\"aagb__accordion_icon\" style=\"color:#333333;background-color:transparent\"><div class=\"aagb__icon_dashicons_box\"><span id=\"complete-sign\">\u2713<\/span><span class=\"aagb__icon dashicons dashicons-arrow-down-alt2\"><\/span><\/div><\/div><\/div><div class=\"aagb__accordion_body   \" role=\"region\" style=\"background-color:transparent;border-top:1px dotted #000000;padding:10px 10px 10px 10px\"><div class=\"aagb__accordion_component\">\n<p>Ja, bei uns k\u00f6nnen auch Anzeigen f\u00fcr Stuhl- und Platzmiete ver\u00f6ffentlicht werden. Vergewissere dich einfach, dass du die rechtlichen Gegebenheiten f\u00fcr diese Form der Salon-F\u00fchrung einh\u00e4ltst.<\/p>\n<\/div><\/div><\/div><script>\n\t\t\t\t\t\t\tjQuery(document).ready(function($) {\n\t\t\t\t\t\t\t\tvar text_max = parseInt(\"1\"); \/\/ Parse contentCount as an integer\n\n\t\t\t\t\t\t\t\t$(\".expand .aagb__accordion_component p\").hide();\n\t\t\t\t\t\t\t\t$(\".expand .aagb__accordion_component p\").slice(0, text_max).show();\n\t\t\t\t\t\t\t\t\n\t\t\t\t\t\t\t\t$(\".expand .aagb_button_toggle\").click(function(e) {\n\t\t\t\t\t\t\t\t\te.preventDefault();\n\t\t\t\t\t\t\t\t\t$(\".expand .aagb__accordion_component p:hidden\").slice(0, text_max).fadeIn(\"slow\");\n\t\t\t\t\t\t\t\t\tif ($(\".expand .aagb__accordion_component p:hidden\").length === 0) {\n\t\t\t\t\t\t\t\t\t\t$(\".aagb_button_toggle\").fadeOut(\"slow\");\n\t\t\t\t\t\t\t\t\t\t$(\".aagb_overlay\").fadeOut(\"slow\");\n\t\t\t\t\t\t\t\t\t}\n\t\t\t\t\t\t\t\t});\n\t\t\t\t\t\t\t});\n\t\t\t\t\t\t\t\t\n\t\t\t\t\t<\/script>\n\n\n\n<style>.aagb__accordion_container.no-pro-plan .aagb__accordion_body { padding:  10px !important; }<\/style><div class=\"wp-block-aab-accordion-item aagb__accordion_container\" style=\"border:1px dotted #000000;margin-top:0px;margin-bottom:15px;border-radius:0px\"><div class=\"aagb__accordion_head aab_right_icon\" data-active=\"false\" style=\"color:#333333;background-color:transparent;padding:10px 10px 10px 10px\"><div class=\"aagb__accordion_heading aab_right_icon aagb_right_link\"><h3 class=\"aagb__accordion_title\" style=\"margin:0;color:#333333\"><strong>Gibt es bei euch ein Jobabo\/E-Mail-Abo f\u00fcr Stelleninserate?<\/strong><\/h3><\/div><div class=\"aagb__accordion_icon\" style=\"color:#333333;background-color:transparent\"><div class=\"aagb__icon_dashicons_box\"><span id=\"complete-sign\">\u2713<\/span><span class=\"aagb__icon dashicons dashicons-arrow-down-alt2\"><\/span><\/div><\/div><\/div><div class=\"aagb__accordion_body   \" role=\"region\" style=\"background-color:transparent;border-top:1px dotted #000000;padding:10px 10px 10px 10px\"><div class=\"aagb__accordion_component\">\n<p>Nein. Wir verstehen, dass es einige Job-Suchende gibt, die aktiv \u00fcber offene Stellen informiert werden wollen. Dies wurde jedoch so wenig genutzt, dass wir die Funktion wieder entfernt haben. Aufgrund unserer ausgekl\u00fcgelten Filter bei der Job-Suche ist dies jedoch auch nicht mehr n\u00f6tig und du kannst dir die Jobs im Umkreis deines gew\u00fcnschten Wohnortes jederzeit direkt anzeigen lassen.<\/p>\n<\/div><\/div><\/div><script>\n\t\t\t\t\t\t\tjQuery(document).ready(function($) {\n\t\t\t\t\t\t\t\tvar text_max = parseInt(\"1\"); \/\/ Parse contentCount as an integer\n\n\t\t\t\t\t\t\t\t$(\".expand .aagb__accordion_component p\").hide();\n\t\t\t\t\t\t\t\t$(\".expand .aagb__accordion_component p\").slice(0, text_max).show();\n\t\t\t\t\t\t\t\t\n\t\t\t\t\t\t\t\t$(\".expand .aagb_button_toggle\").click(function(e) {\n\t\t\t\t\t\t\t\t\te.preventDefault();\n\t\t\t\t\t\t\t\t\t$(\".expand .aagb__accordion_component p:hidden\").slice(0, text_max).fadeIn(\"slow\");\n\t\t\t\t\t\t\t\t\tif ($(\".expand .aagb__accordion_component p:hidden\").length === 0) {\n\t\t\t\t\t\t\t\t\t\t$(\".aagb_button_toggle\").fadeOut(\"slow\");\n\t\t\t\t\t\t\t\t\t\t$(\".aagb_overlay\").fadeOut(\"slow\");\n\t\t\t\t\t\t\t\t\t}\n\t\t\t\t\t\t\t\t});\n\t\t\t\t\t\t\t});\n\t\t\t\t\t\t\t\t\n\t\t\t\t\t<\/script>\n\n\n\n<style>.aagb__accordion_container.no-pro-plan .aagb__accordion_body { padding:  10px !important; }<\/style><div class=\"wp-block-aab-accordion-item aagb__accordion_container\" style=\"border:1px dotted #000000;margin-top:0px;margin-bottom:15px;border-radius:0px\"><div class=\"aagb__accordion_head aab_right_icon\" data-active=\"false\" style=\"color:#333333;background-color:transparent;padding:10px 10px 10px 10px\"><div class=\"aagb__accordion_heading aab_right_icon aagb_right_link\"><h3 class=\"aagb__accordion_title\" style=\"margin:0;color:#333333\"><strong>Werden die Job-Inserate auch auf Social-Media-Kan\u00e4le wie Facebook oder Instagram ver\u00f6ffentlicht?<\/strong><\/h3><\/div><div class=\"aagb__accordion_icon\" style=\"color:#333333;background-color:transparent\"><div class=\"aagb__icon_dashicons_box\"><span id=\"complete-sign\">\u2713<\/span><span class=\"aagb__icon dashicons dashicons-arrow-down-alt2\"><\/span><\/div><\/div><\/div><div class=\"aagb__accordion_body   \" role=\"region\" style=\"background-color:transparent;border-top:1px dotted #000000;padding:10px 10px 10px 10px\"><div class=\"aagb__accordion_component\">\n<p>Ja. Dies bieten wir kostenlos und automatisch an. Jedes Job-Inserat, was auf unserer Plattform publiziert wird, ver\u00f6ffentlichen wir noch in unserer <a href=\"https:\/\/www.instagram.com\/hairinspo\/\" target=\"_blank\" rel=\"noreferrer noopener\">Instagram<\/a>&#8211; und <a href=\"https:\/\/www.facebook.com\/hairinspo.me\">Facebook<\/a>-Story.<\/p>\n<\/div><\/div><\/div><script>\n\t\t\t\t\t\t\tjQuery(document).ready(function($) {\n\t\t\t\t\t\t\t\tvar text_max = parseInt(\"1\"); \/\/ Parse contentCount as an integer\n\n\t\t\t\t\t\t\t\t$(\".expand .aagb__accordion_component p\").hide();\n\t\t\t\t\t\t\t\t$(\".expand .aagb__accordion_component p\").slice(0, text_max).show();\n\t\t\t\t\t\t\t\t\n\t\t\t\t\t\t\t\t$(\".expand .aagb_button_toggle\").click(function(e) {\n\t\t\t\t\t\t\t\t\te.preventDefault();\n\t\t\t\t\t\t\t\t\t$(\".expand .aagb__accordion_component p:hidden\").slice(0, text_max).fadeIn(\"slow\");\n\t\t\t\t\t\t\t\t\tif ($(\".expand .aagb__accordion_component p:hidden\").length === 0) {\n\t\t\t\t\t\t\t\t\t\t$(\".aagb_button_toggle\").fadeOut(\"slow\");\n\t\t\t\t\t\t\t\t\t\t$(\".aagb_overlay\").fadeOut(\"slow\");\n\t\t\t\t\t\t\t\t\t}\n\t\t\t\t\t\t\t\t});\n\t\t\t\t\t\t\t});\n\t\t\t\t\t\t\t\t\n\t\t\t\t\t<\/script>\n\n\n\n<style>.aagb__accordion_container.no-pro-plan .aagb__accordion_body { padding:  10px !important; }<\/style><div class=\"wp-block-aab-accordion-item aagb__accordion_container\" style=\"border:1px dotted #000000;margin-top:0px;margin-bottom:15px;border-radius:0px\"><div class=\"aagb__accordion_head aab_right_icon\" data-active=\"false\" style=\"color:#333333;background-color:transparent;padding:10px 10px 10px 10px\"><div class=\"aagb__accordion_heading aab_right_icon aagb_right_link\"><h3 class=\"aagb__accordion_title\" style=\"margin:0;color:#333333\"><strong>Gibt es auch andere M\u00f6glichkeiten Mitarbeitende zu finden als auf Job-Plattformen?<\/strong><\/h3><\/div><div class=\"aagb__accordion_icon\" style=\"color:#333333;background-color:transparent\"><div class=\"aagb__icon_dashicons_box\"><span id=\"complete-sign\">\u2713<\/span><span class=\"aagb__icon dashicons dashicons-arrow-down-alt2\"><\/span><\/div><\/div><\/div><div class=\"aagb__accordion_body   \" role=\"region\" style=\"background-color:transparent;border-top:1px dotted #000000;padding:10px 10px 10px 10px\"><div class=\"aagb__accordion_component\">\n<p>Ja nat\u00fcrlich. Wir haben f\u00fcr dich einen ausf\u00fchrlichen Beitrag erstellt, wie und wo du Mitarbeitenden f\u00fcr deinen Coiffeur-Salon findest. Um die besten Kandidaten zu finden, empfehlen wir dir jedoch deine Stellenanzeige auf mindestens einer spezialisierten Job-Plattform f\u00fcr Coiffeure zu ver\u00f6ffentlichen. Diese haben eine grosse Reichweite, sind innerhalb der Coiffeur-Community bekannt und somit genau der Ort, wo sich deine Zielgruppe bewegt. Hier haben wir f\u00fcr dich einen <a href=\"https:\/\/www.hairinspo.me\/friseur-blog\/vergleich-schweizer-job-plattformen-fuer-coiffeure\/\">direkten Vergleich und Gegen\u00fcberstellung der drei besten Job-Plattformen f\u00fcr Coiffeure<\/a>.<\/p>\n<\/div><\/div><\/div><script>\n\t\t\t\t\t\t\tjQuery(document).ready(function($) {\n\t\t\t\t\t\t\t\tvar text_max = parseInt(\"1\"); \/\/ Parse contentCount as an integer\n\n\t\t\t\t\t\t\t\t$(\".expand .aagb__accordion_component p\").hide();\n\t\t\t\t\t\t\t\t$(\".expand .aagb__accordion_component p\").slice(0, text_max).show();\n\t\t\t\t\t\t\t\t\n\t\t\t\t\t\t\t\t$(\".expand .aagb_button_toggle\").click(function(e) {\n\t\t\t\t\t\t\t\t\te.preventDefault();\n\t\t\t\t\t\t\t\t\t$(\".expand .aagb__accordion_component p:hidden\").slice(0, text_max).fadeIn(\"slow\");\n\t\t\t\t\t\t\t\t\tif ($(\".expand .aagb__accordion_component p:hidden\").length === 0) {\n\t\t\t\t\t\t\t\t\t\t$(\".aagb_button_toggle\").fadeOut(\"slow\");\n\t\t\t\t\t\t\t\t\t\t$(\".aagb_overlay\").fadeOut(\"slow\");\n\t\t\t\t\t\t\t\t\t}\n\t\t\t\t\t\t\t\t});\n\t\t\t\t\t\t\t});\n\t\t\t\t\t\t\t\t\n\t\t\t\t\t<\/script>\n\n\n\n<style>.aagb__accordion_container.no-pro-plan .aagb__accordion_body { padding:  10px !important; }<\/style><div class=\"wp-block-aab-accordion-item aagb__accordion_container\" style=\"border:1px dotted #000000;margin-top:0px;margin-bottom:15px;border-radius:0px\"><div class=\"aagb__accordion_head aab_right_icon\" data-active=\"false\" style=\"color:#333333;background-color:transparent;padding:10px 10px 10px 10px\"><div class=\"aagb__accordion_heading aab_right_icon aagb_right_link\"><h3 class=\"aagb__accordion_title\" style=\"margin:0;color:#333333\"><strong>Ich habe Job-Plattformen gefunden die weniger Kosten und g\u00fcnstiger sind?<\/strong><\/h3><\/div><div class=\"aagb__accordion_icon\" style=\"color:#333333;background-color:transparent\"><div class=\"aagb__icon_dashicons_box\"><span id=\"complete-sign\">\u2713<\/span><span class=\"aagb__icon dashicons dashicons-arrow-down-alt2\"><\/span><\/div><\/div><\/div><div class=\"aagb__accordion_body   \" role=\"region\" style=\"background-color:transparent;border-top:1px dotted #000000;padding:10px 10px 10px 10px\"><div class=\"aagb__accordion_component\">\n<p>Ja, solche unspezifischen und allgemeine Job-Plattformen gibt es. Wir verstehen, dass solche Stellen-Plattformen durch den tiefen Preis attraktiv wirken. Die Kosten sagen jedoch wenig dar\u00fcber aus wie gut diese Plattformen sind.<\/p>\n\n\n\n<p>Wichtig f\u00fcr dich ist, auf welchen Plattformen sich Coiffeure und Coiffeusen regelm\u00e4ssig bewegen. Denn wenn die Plattform nicht bekannt ist und deine Zielgruppe sich dort kaum aufh\u00e4lt oder sucht, n\u00fctzten die geringen kosten leider auch nichts und das Job-Inserat ist dann im Vergleich zu anderen Plattformen wieder relativ teuer.<\/p>\n\n\n\n<p>Wenn es um Online-Werbung oder Stelleninserate im Internet geht, ist das einzige wichtige und was z\u00e4hlt die Impressionen. Darauf solltest du dich achten und gegebenenfalls bei den jeweiligen Job- und Stellenplattformen nachfragen. Impressionen bedeutet, wie oft wird deine Job-Anzeige von deiner Zielgruppe gesehen wird.<\/p>\n<\/div><\/div><\/div><script>\n\t\t\t\t\t\t\tjQuery(document).ready(function($) {\n\t\t\t\t\t\t\t\tvar text_max = parseInt(\"1\"); \/\/ Parse contentCount as an integer\n\n\t\t\t\t\t\t\t\t$(\".expand .aagb__accordion_component p\").hide();\n\t\t\t\t\t\t\t\t$(\".expand .aagb__accordion_component p\").slice(0, text_max).show();\n\t\t\t\t\t\t\t\t\n\t\t\t\t\t\t\t\t$(\".expand .aagb_button_toggle\").click(function(e) {\n\t\t\t\t\t\t\t\t\te.preventDefault();\n\t\t\t\t\t\t\t\t\t$(\".expand .aagb__accordion_component p:hidden\").slice(0, text_max).fadeIn(\"slow\");\n\t\t\t\t\t\t\t\t\tif ($(\".expand .aagb__accordion_component p:hidden\").length === 0) {\n\t\t\t\t\t\t\t\t\t\t$(\".aagb_button_toggle\").fadeOut(\"slow\");\n\t\t\t\t\t\t\t\t\t\t$(\".aagb_overlay\").fadeOut(\"slow\");\n\t\t\t\t\t\t\t\t\t}\n\t\t\t\t\t\t\t\t});\n\t\t\t\t\t\t\t});\n\t\t\t\t\t\t\t\t\n\t\t\t\t\t<\/script>\n<\/div>\n\n\n\n<p class=\"has-text-align-right\">Erstellet am 21.07.2024 <br>Zuletzt aktualisiert am: 21.07.2024<\/p>\n","protected":false},"excerpt":{"rendered":"<p>Du bist auf der Suche nach der besten und preiswertesten M\u00f6glichkeit, Job-Inserate f\u00fcr deinen Coiffeur-Salon zu ver\u00f6ffentlichen? Dann bist du hier genau richtig! Wir sind das f\u00fchrende und gr\u00f6sste Stellenportal der Coiffeur-Branche. Hier erf\u00e4hrst du alles &#8230;<\/p>\n","protected":false},"author":2,"featured_media":2707,"comment_status":"closed","ping_status":"closed","sticky":false,"template":"","format":"standard","meta":{"footnotes":""},"categories":[30],"tags":[23,36],"class_list":["post-2449","post","type-post","status-publish","format-standard","has-post-thumbnail","hentry","category-jobs-und-lehrstellen","tag-schweiz","tag-job-suchen"],"_links":{"self":[{"href":"https:\/\/www.hairinspo.me\/friseur-blog\/wp-json\/wp\/v2\/posts\/2449","targetHints":{"allow":["GET"]}}],"collection":[{"href":"https:\/\/www.hairinspo.me\/friseur-blog\/wp-json\/wp\/v2\/posts"}],"about":[{"href":"https:\/\/www.hairinspo.me\/friseur-blog\/wp-json\/wp\/v2\/types\/post"}],"author":[{"embeddable":true,"href":"https:\/\/www.hairinspo.me\/friseur-blog\/wp-json\/wp\/v2\/users\/2"}],"replies":[{"embeddable":true,"href":"https:\/\/www.hairinspo.me\/friseur-blog\/wp-json\/wp\/v2\/comments?post=2449"}],"version-history":[{"count":75,"href":"https:\/\/www.hairinspo.me\/friseur-blog\/wp-json\/wp\/v2\/posts\/2449\/revisions"}],"predecessor-version":[{"id":2706,"href":"https:\/\/www.hairinspo.me\/friseur-blog\/wp-json\/wp\/v2\/posts\/2449\/revisions\/2706"}],"wp:featuredmedia":[{"embeddable":true,"href":"https:\/\/www.hairinspo.me\/friseur-blog\/wp-json\/wp\/v2\/media\/2707"}],"wp:attachment":[{"href":"https:\/\/www.hairinspo.me\/friseur-blog\/wp-json\/wp\/v2\/media?parent=2449"}],"wp:term":[{"taxonomy":"category","embeddable":true,"href":"https:\/\/www.hairinspo.me\/friseur-blog\/wp-json\/wp\/v2\/categories?post=2449"},{"taxonomy":"post_tag","embeddable":true,"href":"https:\/\/www.hairinspo.me\/friseur-blog\/wp-json\/wp\/v2\/tags?post=2449"}],"curies":[{"name":"wp","href":"https:\/\/api.w.org\/{rel}","templated":true}]}}